{"id":990305,"date":"2022-02-12T19:03:43","date_gmt":"2022-02-12T17:03:43","guid":{"rendered":"https:\/\/sph.md\/?p=990305"},"modified":"2024-07-04T16:15:08","modified_gmt":"2024-07-04T13:15:08","slug":"proiectul-viata-sanatoasa-vizita-de-familiarizare","status":"publish","type":"post","link":"https:\/\/sph.md\/en_gb\/proiectul-viata-sanatoasa-vizita-de-familiarizare\/","title":{"rendered":"Proiectul Via\u021b\u0103 S\u0103n\u0103toas\u0103: vizit\u0103 de familiarizare"},"content":{"rendered":"<div data-elementor-type=\"wp-post\" data-elementor-id=\"990305\" class=\"elementor elementor-990305\" data-elementor-settings=\"[]\">\n\t\t\t\t\t\t<div class=\"elementor-inner\">\n\t\t\t\t\t\t\t<div class=\"elementor-section-wrap\">\n\t\t\t\t\t\t\t<section class=\"elementor-section elementor-top-section elementor-element elementor-element-dc12e17 elementor-section-boxed elementor-section-height-default elementor-section-height-default\" data-id=\"dc12e17\" data-element_type=\"section\">\n\t\t\t\t\t\t<div class=\"elementor-container elementor-column-gap-default\">\n\t\t\t\t\t\t\t<div class=\"elementor-row\">\n\t\t\t\t\t<div class=\"elementor-column elementor-col-100 elementor-top-column elementor-element elementor-element-2f2d423\" data-id=\"2f2d423\" data-element_type=\"column\">\n\t\t\t<div class=\"elementor-column-wrap elementor-element-populated\">\n\t\t\t\t\t\t\t<div class=\"elementor-widget-wrap\">\n\t\t\t\t\t\t<div class=\"elementor-element elementor-element-27d8a46 elementor-widget elementor-widget-text-editor\" data-id=\"27d8a46\" data-element_type=\"widget\" data-widget_type=\"text-editor.default\">\n\t\t\t\t<div class=\"elementor-widget-container\">\n\t\t\t\t\t<div class=\"elementor-text-editor elementor-clearfix\"><p><span style=\"font-weight: 400;\">Membrii echipei proiectului <\/span><i><span style=\"font-weight: 400;\">Via\u021b\u0103 S\u0103n\u0103toas\u0103 <\/span><\/i><span style=\"font-weight: 400;\">au fost \u00eentr-o vizit\u0103 virtual\u0103 la \u0218coala de Management \u00een S\u0103n\u0103tate Public\u0103. Conlucrarea cu alte sectoare, activit\u0103\u021bile desf\u0103\u0219urate \u00een comunit\u0103\u021bi, dar \u0219i campaniile de comunicare implementate au prezentat un interes deosebit pentru masteranzii din anul II, care au avut ocazia s\u0103 afle detalii din <\/span><span style=\"font-weight: 400;\">\u201eculisele\u201d<\/span><span style=\"font-weight: 400;\"> proiectului.\u00a0<\/span><\/p><p>\u00a0<\/p><p><span style=\"font-weight: 400;\">\u00cen acest context, aducem mul\u021bumiri echipei conduse de dna dr. Ala Curteanu pentru deschidere \u0219i receptivitate! Sper\u0103m c\u0103 aceste \u00eentruniri vor deveni tradi\u021bionale, \u021bin\u00e2nd cont \u0219i de \u0219i de frumoasele rela\u021bii de colaborare pe care am reu\u0219it s\u0103 le dezvolt\u0103m \u00eempreun\u0103.<\/span><\/p><p>\u00a0<\/p><p><span style=\"font-weight: 400;\">Evenimentul s-a desf\u0103\u0219urat la 10 februarie curent, \u00een contextul modulului Promovarea s\u0103n\u0103t\u0103\u021bii \u0219i comunicare pentru schimbare comportamental\u0103, \u021binut la \u0218coala de Management \u00een S\u0103n\u0103tate Public\u0103.<\/span><\/p><p>\u00a0<\/p><p><span style=\"font-weight: 400;\">Men\u021bion\u0103m c\u0103 proiectul <\/span><a href=\"https:\/\/www.viatasan.md\" target=\"_blank\" rel=\"noopener\"><i><span style=\"font-weight: 400;\">Via\u021b\u0103 S\u0103n\u0103toas\u0103<\/span><\/i><\/a><span style=\"font-weight: 400;\"> are drept scop \u00eembun\u0103t\u0103\u021birea st\u0103rii de s\u0103n\u0103tate \u015fi a bun\u0103st\u0103rii popula\u021biei Republicii Moldova, \u00een special \u00een mediul rural, prin reducerea poverii bolilor netransmisibile.<\/span><\/p><\/div>\n\t\t\t\t<\/div>\n\t\t\t\t<\/div>\n\t\t\t\t\t\t<\/div>\n\t\t\t\t\t<\/div>\n\t\t<\/div>\n\t\t\t\t\t\t\t\t<\/div>\n\t\t\t\t\t<\/div>\n\t\t<\/section>\n\t\t\t\t\t\t<\/div>\n\t\t\t\t\t\t<\/div>\n\t\t\t\t\t<\/div>","protected":false},"excerpt":{"rendered":"<p>Membrii echipei proiectului Via\u021b\u0103 S\u0103n\u0103toas\u0103 au fost \u00eentr-o vizit\u0103 virtual\u0103 la \u0218coala de Management \u00een S\u0103n\u0103tate Public\u0103. Conlucrarea cu alte sectoare, activit\u0103\u021bile desf\u0103\u0219urate \u00een comunit\u0103\u021bi, dar \u0219i campaniile de comunicare implementate au prezentat un interes deosebit pentru masteranzii din anul II, care au avut ocazia s\u0103 afle detalii din \u201eculisele\u201d proiectului.\u00a0 \u00a0 \u00cen acest context,&#8230;<\/p>","protected":false},"author":2,"featured_media":990306,"comment_status":"closed","ping_status":"closed","sticky":false,"template":"","format":"standard","meta":[],"categories":[1],"tags":[],"aioseo_notices":[],"_links":{"self":[{"href":"https:\/\/sph.md\/en_gb\/wp-json\/wp\/v2\/posts\/990305"}],"collection":[{"href":"https:\/\/sph.md\/en_gb\/wp-json\/wp\/v2\/posts"}],"about":[{"href":"https:\/\/sph.md\/en_gb\/wp-json\/wp\/v2\/types\/post"}],"author":[{"embeddable":true,"href":"https:\/\/sph.md\/en_gb\/wp-json\/wp\/v2\/users\/2"}],"replies":[{"embeddable":true,"href":"https:\/\/sph.md\/en_gb\/wp-json\/wp\/v2\/comments?post=990305"}],"version-history":[{"count":0,"href":"https:\/\/sph.md\/en_gb\/wp-json\/wp\/v2\/posts\/990305\/revisions"}],"wp:featuredmedia":[{"embeddable":true,"href":"https:\/\/sph.md\/en_gb\/wp-json\/wp\/v2\/media\/990306"}],"wp:attachment":[{"href":"https:\/\/sph.md\/en_gb\/wp-json\/wp\/v2\/media?parent=990305"}],"wp:term":[{"taxonomy":"category","embeddable":true,"href":"https:\/\/sph.md\/en_gb\/wp-json\/wp\/v2\/categories?post=990305"},{"taxonomy":"post_tag","embeddable":true,"href":"https:\/\/sph.md\/en_gb\/wp-json\/wp\/v2\/tags?post=990305"}],"curies":[{"name":"wp","href":"https:\/\/api.w.org\/{rel}","templated":true}]}}