{"id":990310,"date":"2022-03-02T19:31:40","date_gmt":"2022-03-02T17:31:40","guid":{"rendered":"https:\/\/sph.md\/?p=990310"},"modified":"2024-07-04T16:15:08","modified_gmt":"2024-07-04T13:15:08","slug":"declaratia-aspher-privind-razboiul-impotriva-ucrainei","status":"publish","type":"post","link":"https:\/\/sph.md\/en_gb\/declaratia-aspher-privind-razboiul-impotriva-ucrainei\/","title":{"rendered":"Declara\u021bia ASPHER privind r\u0103zboiul \u00eempotriva Ucrainei"},"content":{"rendered":"<div data-elementor-type=\"wp-post\" data-elementor-id=\"990310\" class=\"elementor elementor-990310\" data-elementor-settings=\"[]\">\n\t\t\t\t\t\t<div class=\"elementor-inner\">\n\t\t\t\t\t\t\t<div class=\"elementor-section-wrap\">\n\t\t\t\t\t\t\t<section class=\"elementor-section elementor-top-section elementor-element elementor-element-189f13cc elementor-section-boxed elementor-section-height-default elementor-section-height-default\" data-id=\"189f13cc\" data-element_type=\"section\">\n\t\t\t\t\t\t<div class=\"elementor-container elementor-column-gap-default\">\n\t\t\t\t\t\t\t<div class=\"elementor-row\">\n\t\t\t\t\t<div class=\"elementor-column elementor-col-100 elementor-top-column elementor-element elementor-element-193e2342\" data-id=\"193e2342\" data-element_type=\"column\">\n\t\t\t<div class=\"elementor-column-wrap elementor-element-populated\">\n\t\t\t\t\t\t\t<div class=\"elementor-widget-wrap\">\n\t\t\t\t\t\t<div class=\"elementor-element elementor-element-46e20b67 elementor-widget elementor-widget-text-editor\" data-id=\"46e20b67\" data-element_type=\"widget\" data-widget_type=\"text-editor.default\">\n\t\t\t\t<div class=\"elementor-widget-container\">\n\t\t\t\t\t<div class=\"elementor-text-editor elementor-clearfix\"><!-- wp:paragraph -->\n<p>\u0218cola de Management \u00een S\u0103n\u0103tate Public\u0103 sus\u021bine plenar Declara\u021bia ASPHER privind r\u0103zboiul \u00eempotriva Ucrainei \ud83c\uddfa\ud83c\udde6, care vine s\u0103 eviden\u021bieze rolul \u0219colilor de s\u0103n\u0103tate public\u0103 din Europa \u00een timp de r\u0103zboi \u0219i s\u0103 le mobilizeze la ac\u021biune.<\/p>\n<!-- \/wp:paragraph --><\/div>\n\t\t\t\t<\/div>\n\t\t\t\t<\/div>\n\t\t\t\t\t\t<\/div>\n\t\t\t\t\t<\/div>\n\t\t<\/div>\n\t\t\t\t\t\t\t\t<\/div>\n\t\t\t\t\t<\/div>\n\t\t<\/section>\n\t\t\t\t<section class=\"elementor-section elementor-top-section elementor-element elementor-element-4b44818 elementor-section-boxed elementor-section-height-default elementor-section-height-default\" data-id=\"4b44818\" data-element_type=\"section\">\n\t\t\t\t\t\t<div class=\"elementor-container elementor-column-gap-default\">\n\t\t\t\t\t\t\t<div class=\"elementor-row\">\n\t\t\t\t\t<div class=\"elementor-column elementor-col-100 elementor-top-column elementor-element elementor-element-a64e8e7\" data-id=\"a64e8e7\" data-element_type=\"column\">\n\t\t\t<div class=\"elementor-column-wrap elementor-element-populated\">\n\t\t\t\t\t\t\t<div class=\"elementor-widget-wrap\">\n\t\t\t\t\t\t<div class=\"elementor-element elementor-element-741707e elementor-widget elementor-widget-text-editor\" data-id=\"741707e\" data-element_type=\"widget\" data-widget_type=\"text-editor.default\">\n\t\t\t\t<div class=\"elementor-widget-container\">\n\t\t\t\t\t<div class=\"elementor-text-editor elementor-clearfix\"><p><span style=\"font-weight: 400;\">\u203c\ufe0f\u0218cola de Management \u00een S\u0103n\u0103tate Public\u0103 sus\u021bine plenar Declara\u021bia ASPHER privind r\u0103zboiul \u00eempotriva Ucrainei \ud83c\uddfa\ud83c\udde6, care vine s\u0103 eviden\u021bieze rolul \u0219colilor de s\u0103n\u0103tate public\u0103 din Europa \u00een timp de r\u0103zboi \u0219i s\u0103 le mobilizeze la ac\u021biune.\u00a0<\/span><\/p>\n<p>\u00a0<\/p>\n<p><span style=\"font-weight: 400;\">\ud83d\udcc4 \u0218colile de s\u0103n\u0103tate public\u0103 (SPH) sunt entit\u0103\u021bi care formeaz\u0103 capacit\u0103\u021bi umane cu abilit\u0103\u021bi \u0219i competen\u021be critice \u00een timpul conflictului. \u00cen regiunea European\u0103 ele sunt un partener major pentru organiza\u021biile na\u021bionale \u0219i interna\u021bionale de s\u0103n\u0103tate. ASPHER, ca o re\u021bea care reprezint\u0103 \u0219colile de s\u0103n\u0103tate public\u0103 \u0219i institu\u021bii de formare \u00een domeniul s\u0103n\u0103t\u0103\u021bii publice din Europa de peste 50 de ani, \u00ee\u0219i asum\u0103 pozi\u021bia ca o surs\u0103 credibil\u0103 de expertiz\u0103, solidaritate, sprijin \u0219i alian\u021b\u0103 pentru SPH \u0219i for\u021ba de munc\u0103 din domeniul s\u0103n\u0103t\u0103\u021bii publice din toate \u021b\u0103rile afectate.<\/span><\/p>\n<p>\u00a0<\/p>\n<p><span style=\"font-weight: 400;\">Pentru a coordona \u00een mod eficient aceste ac\u021biuni, ASPHER a decis s\u0103 creeze un grup operativ care monitorizeaz\u0103 impactul asupra s\u0103n\u0103t\u0103\u021bii publice \u00een Ucraina, cu scopul de a oferi o baz\u0103 solid\u0103 pentru prevenirea, preg\u0103tirea \u0219i r\u0103spunsul la conflictele armate.<\/span><\/p>\n<p>\u00a0<\/p>\n<p><span style=\"font-weight: 400;\">\ud83d\udc49 Ca membru al Asocia\u021biei \u0218colilor de S\u0103n\u0103tate Public\u0103 din Europa (ASPHER) de 15 ani, \u0218coala de Management \u00een S\u0103n\u0103tate Public\u0103 va sus\u021bine cu toate capacit\u0103\u021bile sale oferirea suportului colegilor din Ucraina.<\/span><\/p>\n<p>\u00a0<\/p>\n<p><span style=\"font-weight: 400;\">\u27a1\ufe0fDeclara\u021bia integral\u0103 poate fi accesat\u0103 aici: <\/span><a href=\"https:\/\/www.aspher.org\/news,64.html\"><span style=\"font-weight: 400;\">https:\/\/www.aspher.org\/news,64.html<\/span><\/a><span style=\"font-weight: 400;\">\u00a0<\/span><\/p>\n<p><br \/><br \/><br \/><\/p><\/div>\n\t\t\t\t<\/div>\n\t\t\t\t<\/div>\n\t\t\t\t\t\t<\/div>\n\t\t\t\t\t<\/div>\n\t\t<\/div>\n\t\t\t\t\t\t\t\t<\/div>\n\t\t\t\t\t<\/div>\n\t\t<\/section>\n\t\t\t\t\t\t<\/div>\n\t\t\t\t\t\t<\/div>\n\t\t\t\t\t<\/div>","protected":false},"excerpt":{"rendered":"<p>\u0218cola de Management \u00een S\u0103n\u0103tate Public\u0103 sus\u021bine plenar Declara\u021bia ASPHER privind r\u0103zboiul \u00eempotriva Ucrainei \ud83c\uddfa\ud83c\udde6, care vine s\u0103 eviden\u021bieze rolul \u0219colilor de s\u0103n\u0103tate public\u0103 din Europa \u00een timp de r\u0103zboi \u0219i s\u0103 le mobilizeze la ac\u021biune. \u203c\ufe0f\u0218cola de Management \u00een S\u0103n\u0103tate Public\u0103 sus\u021bine plenar Declara\u021bia ASPHER privind r\u0103zboiul \u00eempotriva Ucrainei \ud83c\uddfa\ud83c\udde6, care vine s\u0103 eviden\u021bieze&#8230;<\/p>","protected":false},"author":2,"featured_media":990311,"comment_status":"closed","ping_status":"closed","sticky":false,"template":"","format":"standard","meta":[],"categories":[1],"tags":[],"aioseo_notices":[],"_links":{"self":[{"href":"https:\/\/sph.md\/en_gb\/wp-json\/wp\/v2\/posts\/990310"}],"collection":[{"href":"https:\/\/sph.md\/en_gb\/wp-json\/wp\/v2\/posts"}],"about":[{"href":"https:\/\/sph.md\/en_gb\/wp-json\/wp\/v2\/types\/post"}],"author":[{"embeddable":true,"href":"https:\/\/sph.md\/en_gb\/wp-json\/wp\/v2\/users\/2"}],"replies":[{"embeddable":true,"href":"https:\/\/sph.md\/en_gb\/wp-json\/wp\/v2\/comments?post=990310"}],"version-history":[{"count":0,"href":"https:\/\/sph.md\/en_gb\/wp-json\/wp\/v2\/posts\/990310\/revisions"}],"wp:featuredmedia":[{"embeddable":true,"href":"https:\/\/sph.md\/en_gb\/wp-json\/wp\/v2\/media\/990311"}],"wp:attachment":[{"href":"https:\/\/sph.md\/en_gb\/wp-json\/wp\/v2\/media?parent=990310"}],"wp:term":[{"taxonomy":"category","embeddable":true,"href":"https:\/\/sph.md\/en_gb\/wp-json\/wp\/v2\/categories?post=990310"},{"taxonomy":"post_tag","embeddable":true,"href":"https:\/\/sph.md\/en_gb\/wp-json\/wp\/v2\/tags?post=990310"}],"curies":[{"name":"wp","href":"https:\/\/api.w.org\/{rel}","templated":true}]}}