{"id":990326,"date":"2022-05-20T08:22:42","date_gmt":"2022-05-20T05:22:42","guid":{"rendered":"https:\/\/sph.md\/?p=990326"},"modified":"2024-07-04T16:15:08","modified_gmt":"2024-07-04T13:15:08","slug":"prima-sedinta-a-platformei-nationale-de-comunicare-in-sanatate","status":"publish","type":"post","link":"https:\/\/sph.md\/en_gb\/prima-sedinta-a-platformei-nationale-de-comunicare-in-sanatate\/","title":{"rendered":"Prima \u0219edin\u021b\u0103 a Platformei Na\u021bionale de Comunicare \u00een S\u0103n\u0103tate"},"content":{"rendered":"<div data-elementor-type=\"wp-post\" data-elementor-id=\"990326\" class=\"elementor elementor-990326\" data-elementor-settings=\"[]\">\n\t\t\t\t\t\t<div class=\"elementor-inner\">\n\t\t\t\t\t\t\t<div class=\"elementor-section-wrap\">\n\t\t\t\t\t\t\t<section class=\"elementor-section elementor-top-section elementor-element elementor-element-a52566b elementor-section-boxed elementor-section-height-default elementor-section-height-default\" data-id=\"a52566b\" data-element_type=\"section\">\n\t\t\t\t\t\t<div class=\"elementor-container elementor-column-gap-default\">\n\t\t\t\t\t\t\t<div class=\"elementor-row\">\n\t\t\t\t\t<div class=\"elementor-column elementor-col-100 elementor-top-column elementor-element elementor-element-5c27c8c\" data-id=\"5c27c8c\" data-element_type=\"column\">\n\t\t\t<div class=\"elementor-column-wrap elementor-element-populated\">\n\t\t\t\t\t\t\t<div class=\"elementor-widget-wrap\">\n\t\t\t\t\t\t<div class=\"elementor-element elementor-element-12a8ea1 elementor-widget elementor-widget-text-editor\" data-id=\"12a8ea1\" data-element_type=\"widget\" data-widget_type=\"text-editor.default\">\n\t\t\t\t<div class=\"elementor-widget-container\">\n\t\t\t\t\t<div class=\"elementor-text-editor elementor-clearfix\"><p><span style=\"font-weight: 400;\">\u00cen data de 19 mai 2022 a fost lansat\u0103 Platforma Na\u021bional\u0103 de Comunicare \u00een S\u0103n\u0103tate (PNCS).\u00a0<\/span><\/p><p><span style=\"font-weight: 400;\">Este semnificativ c\u0103 acest eveniment s-a desf\u0103\u0219urat \u00een contextul S\u0103pt\u0103m\u00e2nii Europene a S\u0103n\u0103t\u0103\u021bii Publice \u0219i la distan\u021b\u0103 de doar 2 s\u0103pt\u0103m\u00e2ni de la ini\u021biativa Comisiei parlamentare Protec\u021bie social\u0103, s\u0103n\u0103tate \u0219i familie \u00een acest sens.<\/span><\/p><p>\u00a0<\/p><p><span style=\"font-weight: 400;\">La sedin\u021ba de lansare au fost invita\u021bi reprezentan\u021bii: Comisiei parlamentare, Cabinetului prim-ministrului, Ministerului S\u0103n\u0103t\u0103\u021bii, Companiei Na\u021bionale de Asigur\u0103ri \u00een Medicin\u0103, Agen\u021biei Na\u021bionale pentru S\u0103n\u0103tate Public\u0103, Sindicatului <\/span><i><span style=\"font-weight: 400;\">S\u0103n\u0103tatea<\/span><\/i><span style=\"font-weight: 400;\">, Organiza\u021biei Mondiale a S\u0103n\u0103t\u0103\u021bii, Biroului de Cooperare al Elve\u021biei, Centrului pentru Politici \u0219i Analize \u00een S\u0103n\u0103tate \u0219i Uniunii Institu\u021biilor Medico-Sanitare Private.\u00a0\u00a0\u00a0<\/span><\/p><p>\u00a0<\/p><p><span style=\"font-weight: 400;\">To\u021bi cei prezen\u021bi au salutat plenar idea, au aprobat formatul \u0219i principiile PNCS, precum \u0219i necesitatea absolut\u0103 a acestei abord\u0103ri moderne \u0219i echitabile de comunicare \u00een s\u0103n\u0103tate, care s\u0103 ofere vizibilitate fiec\u0103rui actor.\u00a0<\/span><\/p><p>\u00a0<\/p><p><span style=\"font-weight: 400;\">Urmare a discu\u021biilor s-a stabilit c\u0103 platforma va cuprinde membri permanen\u021bi, care se vor \u00eentruni lunar pentru a dezbate cele mai stringente probleme din domeniul s\u0103n\u0103t\u0103\u021bii. Totodat\u0103, vor fi organizate \u0219edin\u021be cu membrii provizorii, din domenii\/institu\u021bii concrete, \u00een func\u021bie de problema abordat\u0103.\u00a0<\/span><\/p><p>\u00a0<\/p><p><span style=\"font-weight: 400;\">Activit\u0103\u021bile din cadrul grupurilor vor fi coordonate de \u0218coala de Management \u00een S\u0103n\u0103tate Public\u0103, care va asigura dialogul transparent, profesionist, apolitic \u0219i echidistant cu to\u021bi cei interesa\u021bi. Rezultatele acestor discu\u021bii urmeaz\u0103 s\u0103 ofere suport decizional pentru managerii de toate nivelurile \u0219i autorit\u0103\u021bile din domeniul s\u0103n\u0103t\u0103\u021bii.\u00a0<\/span><\/p><p>\u00a0<\/p><p><span style=\"font-weight: 400;\">Prin consens, a fost convenit ca subiect de discu\u021bie pentru urm\u0103toarea \u0219edin\u021b\u0103 <\/span><span style=\"font-weight: 400;\">\u2013<\/span><span style=\"font-weight: 400;\">\u00a0 complexul de probleme asociat prest\u0103rii serviciilor medicale de \u00eenalt\u0103 performan\u021b\u0103.\u00a0<\/span><\/p><p><br \/><br \/><br \/><\/p><\/div>\n\t\t\t\t<\/div>\n\t\t\t\t<\/div>\n\t\t\t\t<div class=\"elementor-element elementor-element-354bae0 elementor-widget elementor-widget-gallery\" data-id=\"354bae0\" data-element_type=\"widget\" data-settings=\"{&quot;columns&quot;:3,&quot;lazyload&quot;:&quot;yes&quot;,&quot;gallery_layout&quot;:&quot;grid&quot;,&quot;columns_tablet&quot;:2,&quot;columns_mobile&quot;:1,&quot;gap&quot;:{&quot;unit&quot;:&quot;px&quot;,&quot;size&quot;:10,&quot;sizes&quot;:[]},&quot;gap_tablet&quot;:{&quot;unit&quot;:&quot;px&quot;,&quot;size&quot;:10,&quot;sizes&quot;:[]},&quot;gap_mobile&quot;:{&quot;unit&quot;:&quot;px&quot;,&quot;size&quot;:10,&quot;sizes&quot;:[]},&quot;link_to&quot;:&quot;file&quot;,&quot;aspect_ratio&quot;:&quot;3:2&quot;,&quot;overlay_background&quot;:&quot;yes&quot;,&quot;content_hover_animation&quot;:&quot;fade-in&quot;}\" data-widget_type=\"gallery.default\">\n\t\t\t\t<div class=\"elementor-widget-container\">\n\t\t\t\t\t<div class=\"elementor-gallery__container\">\n\t\t\t\t\t\t\t<a class=\"e-gallery-item elementor-gallery-item elementor-animated-content\" href=\"https:\/\/sph.md\/wp-content\/uploads\/2022\/05\/Captura-de-ecran-din-2022.05.20-la-08.06.30.png\" data-elementor-open-lightbox=\"yes\" data-elementor-lightbox-slideshow=\"all-354bae0\" data-elementor-lightbox-title=\"Captur\u0103 de ecran din 2022.05.20 la 08.06.30\">\n\t\t\t\t\t<div class=\"e-gallery-image elementor-gallery-item__image\" data-thumbnail=\"https:\/\/sph.md\/wp-content\/uploads\/2022\/05\/Captura-de-ecran-din-2022.05.20-la-08.06.30-300x188.png\" data-width=\"300\" data-height=\"188\" alt=\"\" ><\/div>\n\t\t\t\t\t\t\t\t\t\t<div class=\"elementor-gallery-item__overlay\"><\/div>\n\t\t\t\t\t\t\t\t\t\t\t\t\t\t<\/a>\n\t\t\t\t\t\t\t<a class=\"e-gallery-item elementor-gallery-item elementor-animated-content\" href=\"https:\/\/sph.md\/wp-content\/uploads\/2022\/05\/Captura-de-ecran-din-2022.05.20-la-08.24.03.png\" data-elementor-open-lightbox=\"yes\" data-elementor-lightbox-slideshow=\"all-354bae0\" data-elementor-lightbox-title=\"Captur\u0103 de ecran din 2022.05.20 la 08.24.03\">\n\t\t\t\t\t<div class=\"e-gallery-image elementor-gallery-item__image\" data-thumbnail=\"https:\/\/sph.md\/wp-content\/uploads\/2022\/05\/Captura-de-ecran-din-2022.05.20-la-08.24.03-300x188.png\" data-width=\"300\" data-height=\"188\" alt=\"\" ><\/div>\n\t\t\t\t\t\t\t\t\t\t<div class=\"elementor-gallery-item__overlay\"><\/div>\n\t\t\t\t\t\t\t\t\t\t\t\t\t\t<\/a>\n\t\t\t\t\t\t\t<a class=\"e-gallery-item elementor-gallery-item elementor-animated-content\" href=\"https:\/\/sph.md\/wp-content\/uploads\/2022\/05\/Captura-de-ecran-din-2022.05.20-la-08.30.25.png\" data-elementor-open-lightbox=\"yes\" data-elementor-lightbox-slideshow=\"all-354bae0\" data-elementor-lightbox-title=\"Captur\u0103 de ecran din 2022.05.20 la 08.30.25\">\n\t\t\t\t\t<div class=\"e-gallery-image elementor-gallery-item__image\" data-thumbnail=\"https:\/\/sph.md\/wp-content\/uploads\/2022\/05\/Captura-de-ecran-din-2022.05.20-la-08.30.25-300x188.png\" data-width=\"300\" data-height=\"188\" alt=\"\" ><\/div>\n\t\t\t\t\t\t\t\t\t\t<div class=\"elementor-gallery-item__overlay\"><\/div>\n\t\t\t\t\t\t\t\t\t\t\t\t\t\t<\/a>\n\t\t\t\t\t\t\t<a class=\"e-gallery-item elementor-gallery-item elementor-animated-content\" href=\"https:\/\/sph.md\/wp-content\/uploads\/2022\/05\/IMG_2233.jpg\" data-elementor-open-lightbox=\"yes\" data-elementor-lightbox-slideshow=\"all-354bae0\" data-elementor-lightbox-title=\"IMG_2233\">\n\t\t\t\t\t<div class=\"e-gallery-image elementor-gallery-item__image\" data-thumbnail=\"https:\/\/sph.md\/wp-content\/uploads\/2022\/05\/IMG_2233-300x225.jpg\" data-width=\"300\" data-height=\"225\" alt=\"\" ><\/div>\n\t\t\t\t\t\t\t\t\t\t<div class=\"elementor-gallery-item__overlay\"><\/div>\n\t\t\t\t\t\t\t\t\t\t\t\t\t\t<\/a>\n\t\t\t\t\t\t\t<a class=\"e-gallery-item elementor-gallery-item elementor-animated-content\" href=\"https:\/\/sph.md\/wp-content\/uploads\/2022\/05\/IMG_2238.jpg\" data-elementor-open-lightbox=\"yes\" data-elementor-lightbox-slideshow=\"all-354bae0\" data-elementor-lightbox-title=\"IMG_2238\">\n\t\t\t\t\t<div class=\"e-gallery-image elementor-gallery-item__image\" data-thumbnail=\"https:\/\/sph.md\/wp-content\/uploads\/2022\/05\/IMG_2238-300x223.jpg\" data-width=\"300\" data-height=\"223\" alt=\"\" ><\/div>\n\t\t\t\t\t\t\t\t\t\t<div class=\"elementor-gallery-item__overlay\"><\/div>\n\t\t\t\t\t\t\t\t\t\t\t\t\t\t<\/a>\n\t\t\t\t\t\t\t<a class=\"e-gallery-item elementor-gallery-item elementor-animated-content\" href=\"https:\/\/sph.md\/wp-content\/uploads\/2022\/05\/IMG_2242.jpg\" data-elementor-open-lightbox=\"yes\" data-elementor-lightbox-slideshow=\"all-354bae0\" data-elementor-lightbox-title=\"IMG_2242\">\n\t\t\t\t\t<div class=\"e-gallery-image elementor-gallery-item__image\" data-thumbnail=\"https:\/\/sph.md\/wp-content\/uploads\/2022\/05\/IMG_2242-300x222.jpg\" data-width=\"300\" data-height=\"222\" alt=\"\" ><\/div>\n\t\t\t\t\t\t\t\t\t\t<div class=\"elementor-gallery-item__overlay\"><\/div>\n\t\t\t\t\t\t\t\t\t\t\t\t\t\t<\/a>\n\t\t\t\t\t<\/div>\n\t\t\t<\/div>\n\t\t\t\t<\/div>\n\t\t\t\t\t\t<\/div>\n\t\t\t\t\t<\/div>\n\t\t<\/div>\n\t\t\t\t\t\t\t\t<\/div>\n\t\t\t\t\t<\/div>\n\t\t<\/section>\n\t\t\t\t\t\t<\/div>\n\t\t\t\t\t\t<\/div>\n\t\t\t\t\t<\/div>","protected":false},"excerpt":{"rendered":"<p>\u00cen data de 19 mai 2022 a fost lansat\u0103 Platforma Na\u021bional\u0103 de Comunicare \u00een S\u0103n\u0103tate (PNCS).\u00a0 Este semnificativ c\u0103 acest eveniment s-a desf\u0103\u0219urat \u00een contextul S\u0103pt\u0103m\u00e2nii Europene a S\u0103n\u0103t\u0103\u021bii Publice \u0219i la distan\u021b\u0103 de doar 2 s\u0103pt\u0103m\u00e2ni de la ini\u021biativa Comisiei parlamentare Protec\u021bie social\u0103, s\u0103n\u0103tate \u0219i familie \u00een acest sens. \u00a0 La sedin\u021ba de lansare&#8230;<\/p>","protected":false},"author":2,"featured_media":990331,"comment_status":"closed","ping_status":"closed","sticky":false,"template":"","format":"standard","meta":[],"categories":[1],"tags":[],"aioseo_notices":[],"_links":{"self":[{"href":"https:\/\/sph.md\/en_gb\/wp-json\/wp\/v2\/posts\/990326"}],"collection":[{"href":"https:\/\/sph.md\/en_gb\/wp-json\/wp\/v2\/posts"}],"about":[{"href":"https:\/\/sph.md\/en_gb\/wp-json\/wp\/v2\/types\/post"}],"author":[{"embeddable":true,"href":"https:\/\/sph.md\/en_gb\/wp-json\/wp\/v2\/users\/2"}],"replies":[{"embeddable":true,"href":"https:\/\/sph.md\/en_gb\/wp-json\/wp\/v2\/comments?post=990326"}],"version-history":[{"count":0,"href":"https:\/\/sph.md\/en_gb\/wp-json\/wp\/v2\/posts\/990326\/revisions"}],"wp:featuredmedia":[{"embeddable":true,"href":"https:\/\/sph.md\/en_gb\/wp-json\/wp\/v2\/media\/990331"}],"wp:attachment":[{"href":"https:\/\/sph.md\/en_gb\/wp-json\/wp\/v2\/media?parent=990326"}],"wp:term":[{"taxonomy":"category","embeddable":true,"href":"https:\/\/sph.md\/en_gb\/wp-json\/wp\/v2\/categories?post=990326"},{"taxonomy":"post_tag","embeddable":true,"href":"https:\/\/sph.md\/en_gb\/wp-json\/wp\/v2\/tags?post=990326"}],"curies":[{"name":"wp","href":"https:\/\/api.w.org\/{rel}","templated":true}]}}