{"id":990374,"date":"2022-07-01T18:44:54","date_gmt":"2022-07-01T15:44:54","guid":{"rendered":"https:\/\/sph.md\/?p=990374"},"modified":"2024-07-04T16:15:08","modified_gmt":"2024-07-04T13:15:08","slug":"smsp-a-lansat-inca-36-de-cercetari-inedite-in-managementul-sanatatii-publice","status":"publish","type":"post","link":"https:\/\/sph.md\/en_gb\/smsp-a-lansat-inca-36-de-cercetari-inedite-in-managementul-sanatatii-publice\/","title":{"rendered":"\u0218MSP a lansat \u00eenc\u0103 36 de cercet\u0103ri inedite \u00een managementul s\u0103n\u0103t\u0103\u021bii publice"},"content":{"rendered":"<div data-elementor-type=\"wp-post\" data-elementor-id=\"990374\" class=\"elementor elementor-990374\" data-elementor-settings=\"[]\">\n\t\t\t\t\t\t<div class=\"elementor-inner\">\n\t\t\t\t\t\t\t<div class=\"elementor-section-wrap\">\n\t\t\t\t\t\t\t<section class=\"elementor-section elementor-top-section elementor-element elementor-element-00f1e00 elementor-section-boxed elementor-section-height-default elementor-section-height-default\" data-id=\"00f1e00\" data-element_type=\"section\">\n\t\t\t\t\t\t<div class=\"elementor-container elementor-column-gap-default\">\n\t\t\t\t\t\t\t<div class=\"elementor-row\">\n\t\t\t\t\t<div class=\"elementor-column elementor-col-100 elementor-top-column elementor-element elementor-element-8a550d3\" data-id=\"8a550d3\" data-element_type=\"column\">\n\t\t\t<div class=\"elementor-column-wrap elementor-element-populated\">\n\t\t\t\t\t\t\t<div class=\"elementor-widget-wrap\">\n\t\t\t\t\t\t<div class=\"elementor-element elementor-element-f2953a1 elementor-widget elementor-widget-text-editor\" data-id=\"f2953a1\" data-element_type=\"widget\" data-widget_type=\"text-editor.default\">\n\t\t\t\t<div class=\"elementor-widget-container\">\n\t\t\t\t\t<div class=\"elementor-text-editor elementor-clearfix\"><p><span style=\"font-weight: 400;\">Cel mai frumos mod \u00een care putea fi \u00eencheiat anul de studii la \u0218coala de Management \u00een S\u0103n\u0103tate Public\u0103 a fost organizarea celor patru zile de sus\u021bineri publice a tezelor de master, \u00eentre 27 \u0219i 30 iunie curent. Cei 36 de absolven\u021bi au prezentat cu brio rezultatele cerecet\u0103rilor realizate, \u00een care au abordat cele mai diverse teme din domeniul s\u0103n\u0103t\u0103\u021bii publice: de la aspecte ce \u021bin de pandemia Covid-19, probleme care vizeaz\u0103 s\u0103n\u0103tatea reproductiv\u0103 sau cea a copiilor, p\u00e2n\u0103 la conlucrarea intra \u0219i intersectorial\u0103.\u00a0\u00a0\u00a0\u00a0\u00a0<\/span><\/p><p>\u00a0<\/p><p><span style=\"font-weight: 400;\">Directorul \u0218MSP, profesorul universitar Oleg Lozan a subliniat rezisten\u021ba de care au dat dovad\u0103 masteranzii pe parcursul studiilor, date fiind circumstan\u021bele legate de pandemie \u0219i r\u0103zboi, reu\u0219ita fiind datorat\u0103 inclusiv deschiderii manifestate de institu\u021biile \u00een care activeaz\u0103 ace\u0219tia, fo\u0219tilor masteranzi, c\u00e2t \u0219i \u00eentregii societ\u0103\u021bi.\u00a0<\/span><\/p><p><br \/><br \/><br \/><\/p><\/div>\n\t\t\t\t<\/div>\n\t\t\t\t<\/div>\n\t\t\t\t\t\t<\/div>\n\t\t\t\t\t<\/div>\n\t\t<\/div>\n\t\t\t\t\t\t\t\t<\/div>\n\t\t\t\t\t<\/div>\n\t\t<\/section>\n\t\t\t\t<section class=\"elementor-section elementor-top-section elementor-element elementor-element-5a2614a elementor-section-boxed elementor-section-height-default elementor-section-height-default\" data-id=\"5a2614a\" data-element_type=\"section\">\n\t\t\t\t\t\t<div class=\"elementor-container elementor-column-gap-default\">\n\t\t\t\t\t\t\t<div class=\"elementor-row\">\n\t\t\t\t\t<div class=\"elementor-column elementor-col-100 elementor-top-column elementor-element elementor-element-d3d7793\" data-id=\"d3d7793\" data-element_type=\"column\">\n\t\t\t<div class=\"elementor-column-wrap elementor-element-populated\">\n\t\t\t\t\t\t\t<div class=\"elementor-widget-wrap\">\n\t\t\t\t\t\t<div class=\"elementor-element elementor-element-b348116 elementor-blockquote--skin-quotation elementor-blockquote--button-view-icon-text elementor-blockquote--button-skin-classic elementor-blockquote--button-color-official elementor-widget elementor-widget-blockquote\" data-id=\"b348116\" data-element_type=\"widget\" data-widget_type=\"blockquote.default\">\n\t\t\t\t<div class=\"elementor-widget-container\">\n\t\t\t\t\t<blockquote class=\"elementor-blockquote\">\n\t\t\t<p class=\"elementor-blockquote__content\">\n\t\t\t\tSunte\u021bi protagoni\u0219tii unor surse absolut noi \u0219i puncte noi de vedere a unor probleme complexe de s\u0103n\u0103tate public\u0103. Nu exist\u0103 \u00een sistemul s\u0103n\u0103t\u0103\u021bii alt loc dec\u00e2t \u0218coala de Management \u00een S\u0103n\u0103tate Public\u0103 unde s\u0103 \u0219tii exact care este camertonul inten\u021biilor, dorin\u021belor \u0219i care este poten\u021bialul adev\u0103rat al acestui sistem. Vreau s\u0103 afirm a c\u00e2ta oar\u0103, tran\u0219ant: acest sistem \u00eentr-adev\u0103r este elita intelectual\u0103 a acestei societ\u0103\u021bi. Acest sistem are viitor! A fost dureros de fiecare dat\u0103 s\u0103 spunem c\u0103 anumite lucruri nu sunt \u00een cea mai bun\u0103 lumin\u0103. Dar, p\u00e2n\u0103 la urm\u0103, este important s\u0103 le spunem cinstit pe nume, altfel nu avem nicio \u0219ans\u0103 s\u0103 le rezolv\u0103m.\t\t\t<\/p>\n\t\t\t\t\t\t\t<footer>\n\t\t\t\t\t\t\t\t\t\t\t<cite class=\"elementor-blockquote__author\">Oleg Lozan, Director \u0218MSP<\/cite>\n\t\t\t\t\t\t\t\t\t\t\t\t\t\t\t\t<a href=\"https:\/\/twitter.com\/intent\/tweet?text=Sunte%C8%9Bi+protagoni%C8%99tii+unor+surse+absolut+noi+%C8%99i+puncte+noi+de+vedere+a+unor+probleme+complexe+de+s%C4%83n%C4%83tate+public%C4%83.+Nu+exist%C4%83+%C3%AEn+sistemul+s%C4%83n%C4%83t%C4%83%C8%9Bii+alt+loc+dec%C3%A2t+%C8%98coala+de+Management+%C3%AEn+S%C4%83n%C4%83tate+Public%C4%83+unde+s%C4%83+%C8%99tii+exact+care+este+camertonul+inten%C8%9Biilor%2C+dorin%C8%9Belor+%C8%99i+care+este+poten%C8%9Bialul+adev%C4%83rat+al+acestui+sistem.+Vreau+s%C4%83+afirm+a+c%C3%A2ta+oar%C4%83%2C+tran%C8%99ant%3A+acest+sistem+%C3%AEntr-adev%C4%83r+este+elita+intelectual%C4%83+a+acestei+societ%C4%83%C8%9Bi.+Acest+sistem+are+viitor%21+A+fost+dureros+de+fiecare+dat%C4%83+s%C4%83+spunem+c%C4%83+anumite+lucruri+nu+sunt+%C3%AEn+cea+mai+bun%C4%83+lumin%C4%83.+Dar%2C+p%C3%A2n%C4%83+la+urm%C4%83%2C+este+important+s%C4%83+le+spunem+cinstit+pe+nume%2C+altfel+nu+avem+nicio+%C8%99ans%C4%83+s%C4%83+le+rezolv%C4%83m.+%E2%80%94+Oleg+Lozan%2C+Director+%C8%98MSP&amp;url=https%3A%2F%2Fsph.md%2Fen_gb%2Fwp-json%2Fwp%2Fv2%2Fposts%2F990374\" class=\"elementor-blockquote__tweet-button\" target=\"_blank\">\n\t\t\t\t\t\t\t\t\t\t\t\t\t\t\t<i aria-hidden=\"true\" class=\"fab fa-twitter\"><\/i>\t\t\t\t\t\t\t\t\t\t\t\t\t\t\t\t\t\t\t\t\t\t\t\t\t\t\t\t\t\t<span class=\"elementor-blockquote__tweet-label\">Tweet<\/span>\n\t\t\t\t\t\t\t\t\t\t\t\t\t<\/a>\n\t\t\t\t\t\t\t\t\t<\/footer>\n\t\t\t\t\t<\/blockquote>\n\t\t\t\t<\/div>\n\t\t\t\t<\/div>\n\t\t\t\t\t\t<\/div>\n\t\t\t\t\t<\/div>\n\t\t<\/div>\n\t\t\t\t\t\t\t\t<\/div>\n\t\t\t\t\t<\/div>\n\t\t<\/section>\n\t\t\t\t<section class=\"elementor-section elementor-top-section elementor-element elementor-element-ddff77a elementor-section-boxed elementor-section-height-default elementor-section-height-default\" data-id=\"ddff77a\" data-element_type=\"section\">\n\t\t\t\t\t\t<div class=\"elementor-container elementor-column-gap-default\">\n\t\t\t\t\t\t\t<div class=\"elementor-row\">\n\t\t\t\t\t<div class=\"elementor-column elementor-col-100 elementor-top-column elementor-element elementor-element-6af1b62\" data-id=\"6af1b62\" data-element_type=\"column\">\n\t\t\t<div class=\"elementor-column-wrap elementor-element-populated\">\n\t\t\t\t\t\t\t<div class=\"elementor-widget-wrap\">\n\t\t\t\t\t\t<div class=\"elementor-element elementor-element-b19cd3f elementor-widget elementor-widget-text-editor\" data-id=\"b19cd3f\" data-element_type=\"widget\" data-widget_type=\"text-editor.default\">\n\t\t\t\t<div class=\"elementor-widget-container\">\n\t\t\t\t\t<div class=\"elementor-text-editor elementor-clearfix\"><p><span style=\"font-weight: 400;\">Pre\u0219edintele Comisiei de evaluare, profesorul universitar Lilian \u0218aptefra\u021bi, care se num\u0103r\u0103 printre absolven\u021bii \u0218MSP, a adresat felicit\u0103ri absolven\u021bilor \u0219i a subliniat c\u00e2t de important\u0103 este rela\u021bionarea dintre ei \u0219i suportul pe care \u0219i-l pot oferi, \u0219i \u00een viitor, ca membri a unei adev\u0103rate echipe.\u00a0<\/span><\/p><p>\u00a0<\/p><p><span style=\"font-weight: 400;\">Men\u021bion\u0103m c\u0103, \u00een acest an, la \u0218MSP procesul de cercetare a fost ghidat \u00een mod mixt: pe de o parte fiecare masterand a avut parte de suportul unui conduc\u0103tor \u0219tiin\u021bific, pe de alt\u0103 parte se purtau discu\u021bii \u00een cadrul forumurilor de cercetare la care participau, deopotriv\u0103, to\u021bi masteranzii \u0219i cadrele profesoral-didactice ale \u0218colii. Tradi\u021bional, au fost \u00eenaintate recomand\u0103ri pentru diferi\u021bi actori \u00een vederea solu\u021bion\u0103rii problemelor identificate. Fiecare tez\u0103 a fost recenzat\u0103 de cei mai de vaz\u0103 exper\u021bi \u00een domeniu at\u00e2t din \u021bar\u0103, c\u00e2t \u0219i din Rom\u00e2nia, care au confirmat calitatea \u00eenalt\u0103 a demersurilor \u0219tiin\u021bifice realizate.\u00a0<\/span><\/p><p>\u00a0<\/p><p><span style=\"font-weight: 400;\">Reamintim c\u0103, \u00een septembrie, \u0218MSP a organizat sus\u021binerea public\u0103 a 21 de teze de master, 2021-2022 fiind primul an de studii \u00een care au fost organizate dou\u0103 astfel de evenimente. Pentru a racorda procesul de sus\u021bineri la cerin\u021bele na\u021bionale <\/span><span style=\"font-weight: 400;\">\u2013<\/span><span style=\"font-weight: 400;\"> acestea vor fi organizate vara, dup\u0103 finalizarea anului de studii.\u00a0\u00a0\u00a0\u00a0<\/span><\/p><p><span style=\"font-weight: 400;\">Photocredit: USMF <\/span><i><span style=\"font-weight: 400;\">Nicolae Testemi\u021banu<\/span><\/i><\/p><p>\u00a0<\/p><\/div>\n\t\t\t\t<\/div>\n\t\t\t\t<\/div>\n\t\t\t\t\t\t<\/div>\n\t\t\t\t\t<\/div>\n\t\t<\/div>\n\t\t\t\t\t\t\t\t<\/div>\n\t\t\t\t\t<\/div>\n\t\t<\/section>\n\t\t\t\t<section class=\"elementor-section elementor-top-section elementor-element elementor-element-3cc0f75 elementor-section-boxed elementor-section-height-default elementor-section-height-default\" data-id=\"3cc0f75\" data-element_type=\"section\">\n\t\t\t\t\t\t<div class=\"elementor-container elementor-column-gap-default\">\n\t\t\t\t\t\t\t<div class=\"elementor-row\">\n\t\t\t\t\t<div class=\"elementor-column elementor-col-100 elementor-top-column elementor-element elementor-element-265ef4f\" data-id=\"265ef4f\" data-element_type=\"column\">\n\t\t\t<div class=\"elementor-column-wrap elementor-element-populated\">\n\t\t\t\t\t\t\t<div class=\"elementor-widget-wrap\">\n\t\t\t\t\t\t<div class=\"elementor-element elementor-element-5ee0cdc elementor-widget elementor-widget-gallery\" data-id=\"5ee0cdc\" data-element_type=\"widget\" data-settings=\"{&quot;gallery_layout&quot;:&quot;masonry&quot;,&quot;lazyload&quot;:&quot;yes&quot;,&quot;columns&quot;:4,&quot;columns_tablet&quot;:2,&quot;columns_mobile&quot;:1,&quot;gap&quot;:{&quot;unit&quot;:&quot;px&quot;,&quot;size&quot;:10,&quot;sizes&quot;:[]},&quot;gap_tablet&quot;:{&quot;unit&quot;:&quot;px&quot;,&quot;size&quot;:10,&quot;sizes&quot;:[]},&quot;gap_mobile&quot;:{&quot;unit&quot;:&quot;px&quot;,&quot;size&quot;:10,&quot;sizes&quot;:[]},&quot;link_to&quot;:&quot;file&quot;,&quot;overlay_background&quot;:&quot;yes&quot;,&quot;content_hover_animation&quot;:&quot;fade-in&quot;}\" data-widget_type=\"gallery.default\">\n\t\t\t\t<div class=\"elementor-widget-container\">\n\t\t\t\t\t<div class=\"elementor-gallery__container\">\n\t\t\t\t\t\t\t<a class=\"e-gallery-item elementor-gallery-item elementor-animated-content\" href=\"https:\/\/sph.md\/wp-content\/uploads\/2022\/07\/IMG_2877.jpg\" data-elementor-open-lightbox=\"yes\" data-elementor-lightbox-slideshow=\"all-5ee0cdc\" data-elementor-lightbox-title=\"IMG_2877\">\n\t\t\t\t\t<div class=\"e-gallery-image elementor-gallery-item__image\" data-thumbnail=\"https:\/\/sph.md\/wp-content\/uploads\/2022\/07\/IMG_2877-300x200.jpg\" data-width=\"300\" data-height=\"200\" alt=\"\" ><\/div>\n\t\t\t\t\t\t\t\t\t\t<div class=\"elementor-gallery-item__overlay\"><\/div>\n\t\t\t\t\t\t\t\t\t\t\t\t\t\t<\/a>\n\t\t\t\t\t\t\t<a class=\"e-gallery-item elementor-gallery-item elementor-animated-content\" href=\"https:\/\/sph.md\/wp-content\/uploads\/2022\/07\/IMG_2879.jpg\" data-elementor-open-lightbox=\"yes\" data-elementor-lightbox-slideshow=\"all-5ee0cdc\" data-elementor-lightbox-title=\"IMG_2879\">\n\t\t\t\t\t<div class=\"e-gallery-image elementor-gallery-item__image\" data-thumbnail=\"https:\/\/sph.md\/wp-content\/uploads\/2022\/07\/IMG_2879-300x200.jpg\" data-width=\"300\" data-height=\"200\" alt=\"\" ><\/div>\n\t\t\t\t\t\t\t\t\t\t<div class=\"elementor-gallery-item__overlay\"><\/div>\n\t\t\t\t\t\t\t\t\t\t\t\t\t\t<\/a>\n\t\t\t\t\t\t\t<a class=\"e-gallery-item elementor-gallery-item elementor-animated-content\" href=\"https:\/\/sph.md\/wp-content\/uploads\/2022\/07\/IMG_2874.jpg\" data-elementor-open-lightbox=\"yes\" data-elementor-lightbox-slideshow=\"all-5ee0cdc\" data-elementor-lightbox-title=\"IMG_2874\">\n\t\t\t\t\t<div class=\"e-gallery-image elementor-gallery-item__image\" data-thumbnail=\"https:\/\/sph.md\/wp-content\/uploads\/2022\/07\/IMG_2874-300x200.jpg\" data-width=\"300\" data-height=\"200\" alt=\"\" ><\/div>\n\t\t\t\t\t\t\t\t\t\t<div class=\"elementor-gallery-item__overlay\"><\/div>\n\t\t\t\t\t\t\t\t\t\t\t\t\t\t<\/a>\n\t\t\t\t\t\t\t<a class=\"e-gallery-item elementor-gallery-item elementor-animated-content\" href=\"https:\/\/sph.md\/wp-content\/uploads\/2022\/07\/IMG_2875.jpg\" data-elementor-open-lightbox=\"yes\" data-elementor-lightbox-slideshow=\"all-5ee0cdc\" data-elementor-lightbox-title=\"IMG_2875\">\n\t\t\t\t\t<div class=\"e-gallery-image elementor-gallery-item__image\" data-thumbnail=\"https:\/\/sph.md\/wp-content\/uploads\/2022\/07\/IMG_2875-300x200.jpg\" data-width=\"300\" data-height=\"200\" alt=\"\" ><\/div>\n\t\t\t\t\t\t\t\t\t\t<div class=\"elementor-gallery-item__overlay\"><\/div>\n\t\t\t\t\t\t\t\t\t\t\t\t\t\t<\/a>\n\t\t\t\t\t<\/div>\n\t\t\t<\/div>\n\t\t\t\t<\/div>\n\t\t\t\t\t\t<\/div>\n\t\t\t\t\t<\/div>\n\t\t<\/div>\n\t\t\t\t\t\t\t\t<\/div>\n\t\t\t\t\t<\/div>\n\t\t<\/section>\n\t\t\t\t\t\t<\/div>\n\t\t\t\t\t\t<\/div>\n\t\t\t\t\t<\/div>","protected":false},"excerpt":{"rendered":"<p>Cel mai frumos mod \u00een care putea fi \u00eencheiat anul de studii la \u0218coala de Management \u00een S\u0103n\u0103tate Public\u0103 a fost organizarea celor patru zile de sus\u021bineri publice a tezelor de master, \u00eentre 27 \u0219i 30 iunie curent. Cei 36 de absolven\u021bi au prezentat cu brio rezultatele cerecet\u0103rilor realizate, \u00een care au abordat cele mai&#8230;<\/p>","protected":false},"author":2,"featured_media":990375,"comment_status":"closed","ping_status":"closed","sticky":false,"template":"","format":"standard","meta":[],"categories":[1],"tags":[],"aioseo_notices":[],"_links":{"self":[{"href":"https:\/\/sph.md\/en_gb\/wp-json\/wp\/v2\/posts\/990374"}],"collection":[{"href":"https:\/\/sph.md\/en_gb\/wp-json\/wp\/v2\/posts"}],"about":[{"href":"https:\/\/sph.md\/en_gb\/wp-json\/wp\/v2\/types\/post"}],"author":[{"embeddable":true,"href":"https:\/\/sph.md\/en_gb\/wp-json\/wp\/v2\/users\/2"}],"replies":[{"embeddable":true,"href":"https:\/\/sph.md\/en_gb\/wp-json\/wp\/v2\/comments?post=990374"}],"version-history":[{"count":0,"href":"https:\/\/sph.md\/en_gb\/wp-json\/wp\/v2\/posts\/990374\/revisions"}],"wp:featuredmedia":[{"embeddable":true,"href":"https:\/\/sph.md\/en_gb\/wp-json\/wp\/v2\/media\/990375"}],"wp:attachment":[{"href":"https:\/\/sph.md\/en_gb\/wp-json\/wp\/v2\/media?parent=990374"}],"wp:term":[{"taxonomy":"category","embeddable":true,"href":"https:\/\/sph.md\/en_gb\/wp-json\/wp\/v2\/categories?post=990374"},{"taxonomy":"post_tag","embeddable":true,"href":"https:\/\/sph.md\/en_gb\/wp-json\/wp\/v2\/tags?post=990374"}],"curies":[{"name":"wp","href":"https:\/\/api.w.org\/{rel}","templated":true}]}}