{"id":990481,"date":"2022-11-22T14:47:22","date_gmt":"2022-11-22T12:47:22","guid":{"rendered":"https:\/\/sph.md\/?p=990481"},"modified":"2024-07-04T16:15:07","modified_gmt":"2024-07-04T13:15:07","slug":"scoala-de-management-in-sanatate-publica-a-devenit-membru-al-aliantei-academice-eurasiatice-pentru-sanatatea-globala","status":"publish","type":"post","link":"https:\/\/sph.md\/en_gb\/scoala-de-management-in-sanatate-publica-a-devenit-membru-al-aliantei-academice-eurasiatice-pentru-sanatatea-globala\/","title":{"rendered":"\u0218coala de Management \u00een S\u0103n\u0103tate Public\u0103 a devenit membru al Alian\u021bei Academice Eurasiatice pentru S\u0103n\u0103tatea Global\u0103"},"content":{"rendered":"<div data-elementor-type=\"wp-post\" data-elementor-id=\"990481\" class=\"elementor elementor-990481\" data-elementor-settings=\"[]\">\n\t\t\t\t\t\t<div class=\"elementor-inner\">\n\t\t\t\t\t\t\t<div class=\"elementor-section-wrap\">\n\t\t\t\t\t\t\t<section class=\"elementor-section elementor-top-section elementor-element elementor-element-04802e9 elementor-section-boxed elementor-section-height-default elementor-section-height-default\" data-id=\"04802e9\" data-element_type=\"section\">\n\t\t\t\t\t\t<div class=\"elementor-container elementor-column-gap-default\">\n\t\t\t\t\t\t\t<div class=\"elementor-row\">\n\t\t\t\t\t<div class=\"elementor-column elementor-col-100 elementor-top-column elementor-element elementor-element-c5a029e\" data-id=\"c5a029e\" data-element_type=\"column\">\n\t\t\t<div class=\"elementor-column-wrap elementor-element-populated\">\n\t\t\t\t\t\t\t<div class=\"elementor-widget-wrap\">\n\t\t\t\t\t\t<div class=\"elementor-element elementor-element-2ab33e3 elementor-widget elementor-widget-text-editor\" data-id=\"2ab33e3\" data-element_type=\"widget\" data-widget_type=\"text-editor.default\">\n\t\t\t\t<div class=\"elementor-widget-container\">\n\t\t\t\t\t<div class=\"elementor-text-editor elementor-clearfix\"><div class=\"xdj266r x11i5rnm xat24cr x1mh8g0r x1vvkbs x126k92a\"><div dir=\"auto\">\u0218coala de Management \u00een S\u0103n\u0103tate Public\u0103 a devenit membru al Alian\u021bei Academice Eurasiatice pentru S\u0103n\u0103tatea Global\u0103, care serve\u0219te drept platform\u0103 de colaborare pentru educa\u021bia \u0219i cercetarea \u00een domeniul s\u0103n\u0103t\u0103\u021bii globale \u00een r\u00e2ndul institu\u021biilor academice din regiunea Eurasiatic\u0103.<\/div><div dir=\"auto\">\u00a0<\/div><\/div><div class=\"x11i5rnm xat24cr x1mh8g0r x1vvkbs xtlvy1s x126k92a\"><div dir=\"auto\">S\u0103n\u0103tatea global\u0103 urm\u0103re\u0219te \u00eembun\u0103t\u0103\u021birea s\u0103n\u0103t\u0103\u021bii prin prevenirea, detectarea \u0219i r\u0103spunsul la evenimentele de s\u0103n\u0103tate public\u0103 din \u00eentreaga lume. Amenin\u021b\u0103rile globale pentru s\u0103n\u0103tate &#8211; cum ar fi bolile emergente, focarele de boli \u0219i dezastrele de mediu &#8211; pot afecta s\u0103n\u0103tatea \u0219i bun\u0103starea oamenilor de pe \u00eentreg globul \u0219i sunt tot mai actuale \u00een ultima perioad\u0103.<\/div><\/div><div class=\"x11i5rnm xat24cr x1mh8g0r x1vvkbs xtlvy1s x126k92a\"><div dir=\"auto\">\u0218MSP a devenit membru al Alian\u021bei Academice Eurasiatice pentru S\u0103n\u0103tatea Global\u0103la finele lunii septembrie, al\u0103turi de alte institu\u021bii din domeniul s\u0103n\u0103t\u0103\u021bii din Germania, Kazahstan, Georgia, Ucraina \u0219i Norvegia. \u00cen contextul Alian\u021bei, \u00eenfiin\u021bat\u0103 \u00een 2021 prin sprijinul financiar oferit de programul Erasmus+ al Comisiei Europene \u2013 Eurasia este definit\u0103 ca un grup de \u021b\u0103ri situate \u00een regiunea M\u0103rii Baltice, Estul Mediteranei, Marea Neagr\u0103, Marea Caspic\u0103 \u0219i regiunile Asiei Centrale.<\/div><\/div><\/div>\n\t\t\t\t<\/div>\n\t\t\t\t<\/div>\n\t\t\t\t\t\t<\/div>\n\t\t\t\t\t<\/div>\n\t\t<\/div>\n\t\t\t\t\t\t\t\t<\/div>\n\t\t\t\t\t<\/div>\n\t\t<\/section>\n\t\t\t\t\t\t<\/div>\n\t\t\t\t\t\t<\/div>\n\t\t\t\t\t<\/div>","protected":false},"excerpt":{"rendered":"<p>\u0218coala de Management \u00een S\u0103n\u0103tate Public\u0103 a devenit membru al Alian\u021bei Academice Eurasiatice pentru S\u0103n\u0103tatea Global\u0103, care serve\u0219te drept platform\u0103 de colaborare pentru educa\u021bia \u0219i cercetarea \u00een domeniul s\u0103n\u0103t\u0103\u021bii globale \u00een r\u00e2ndul institu\u021biilor academice din regiunea Eurasiatic\u0103.&nbsp;S\u0103n\u0103tatea global\u0103 urm\u0103re\u0219te \u00eembun\u0103t\u0103\u021birea s\u0103n\u0103t\u0103\u021bii prin prevenirea, detectarea \u0219i r\u0103spunsul la evenimentele de s\u0103n\u0103tate public\u0103 din \u00eentreaga lume. Amenin\u021b\u0103rile&#8230;<\/p>","protected":false},"author":2,"featured_media":990482,"comment_status":"closed","ping_status":"closed","sticky":false,"template":"","format":"standard","meta":[],"categories":[1],"tags":[],"aioseo_notices":[],"_links":{"self":[{"href":"https:\/\/sph.md\/en_gb\/wp-json\/wp\/v2\/posts\/990481"}],"collection":[{"href":"https:\/\/sph.md\/en_gb\/wp-json\/wp\/v2\/posts"}],"about":[{"href":"https:\/\/sph.md\/en_gb\/wp-json\/wp\/v2\/types\/post"}],"author":[{"embeddable":true,"href":"https:\/\/sph.md\/en_gb\/wp-json\/wp\/v2\/users\/2"}],"replies":[{"embeddable":true,"href":"https:\/\/sph.md\/en_gb\/wp-json\/wp\/v2\/comments?post=990481"}],"version-history":[{"count":0,"href":"https:\/\/sph.md\/en_gb\/wp-json\/wp\/v2\/posts\/990481\/revisions"}],"wp:featuredmedia":[{"embeddable":true,"href":"https:\/\/sph.md\/en_gb\/wp-json\/wp\/v2\/media\/990482"}],"wp:attachment":[{"href":"https:\/\/sph.md\/en_gb\/wp-json\/wp\/v2\/media?parent=990481"}],"wp:term":[{"taxonomy":"category","embeddable":true,"href":"https:\/\/sph.md\/en_gb\/wp-json\/wp\/v2\/categories?post=990481"},{"taxonomy":"post_tag","embeddable":true,"href":"https:\/\/sph.md\/en_gb\/wp-json\/wp\/v2\/tags?post=990481"}],"curies":[{"name":"wp","href":"https:\/\/api.w.org\/{rel}","templated":true}]}}