{"id":990500,"date":"2023-02-15T15:17:07","date_gmt":"2023-02-15T13:17:07","guid":{"rendered":"https:\/\/sph.md\/?p=990500"},"modified":"2024-07-04T16:14:43","modified_gmt":"2024-07-04T13:14:43","slug":"lectie-in-domeniul-economic-tinuta-de-rectorul-asem","status":"publish","type":"post","link":"https:\/\/sph.md\/en_gb\/lectie-in-domeniul-economic-tinuta-de-rectorul-asem\/","title":{"rendered":"Lec\u021bie \u00een domeniul economic \u021binut\u0103 de Rectorul ASEM"},"content":{"rendered":"<div data-elementor-type=\"wp-post\" data-elementor-id=\"990500\" class=\"elementor elementor-990500\" data-elementor-settings=\"[]\">\n\t\t\t\t\t\t<div class=\"elementor-inner\">\n\t\t\t\t\t\t\t<div class=\"elementor-section-wrap\">\n\t\t\t\t\t\t\t<section class=\"elementor-section elementor-top-section elementor-element elementor-element-f500804 elementor-section-boxed elementor-section-height-default elementor-section-height-default\" data-id=\"f500804\" data-element_type=\"section\">\n\t\t\t\t\t\t<div class=\"elementor-container elementor-column-gap-default\">\n\t\t\t\t\t\t\t<div class=\"elementor-row\">\n\t\t\t\t\t<div class=\"elementor-column elementor-col-100 elementor-top-column elementor-element elementor-element-c2bbfee\" data-id=\"c2bbfee\" data-element_type=\"column\">\n\t\t\t<div class=\"elementor-column-wrap elementor-element-populated\">\n\t\t\t\t\t\t\t<div class=\"elementor-widget-wrap\">\n\t\t\t\t\t\t<div class=\"elementor-element elementor-element-3d15dc7 elementor-widget elementor-widget-text-editor\" data-id=\"3d15dc7\" data-element_type=\"widget\" data-widget_type=\"text-editor.default\">\n\t\t\t\t<div class=\"elementor-widget-container\">\n\t\t\t\t\t<div class=\"elementor-text-editor elementor-clearfix\"><div dir=\"auto\">Rectorul <span class=\"xt0psk2\">Academiei de Studii Economice din Moldova &#8211;<\/span> Alexandru Stratan, profesor universitar, membru corespondent al A\u0218M, a \u021binut un curs pentru masteranzii din anul II de la <a class=\"x1i10hfl xjbqb8w x6umtig x1b1mbwd xaqea5y xav7gou x9f619 x1ypdohk xt0psk2 xe8uvvx xdj266r x11i5rnm xat24cr x1mh8g0r xexx8yu x4uap5 x18d9i69 xkhd6sd x16tdsg8 x1hl2dhg xggy1nq x1a2a7pz xt0b8zv x1qq9wsj xo1l8bm\" tabindex=\"0\" role=\"link\" href=\"https:\/\/www.facebook.com\/profile.php?id=100044654241251&amp;__cft__[0]=AZUnqbgeseojygsbMf_VbTuoYFrdxl7xjGoYXgZEt5je4mDL7U3bEbd8YHnM_2gCuG5mg7X0T-97ZRyKWfRwI3disKVzXmn2ADZGXPEF55FLHfwRJVslya9g6wuCBAvTrZPv6CXmrQTaqjFnkihlVMSMWUrIkUi8dXWNAMF_6Z5nzfA3D_LuBNgGpypCAd5_5hQ&amp;__tn__=-]K-R\"><span class=\"xt0psk2\">Scoala de Management in Sanatate Publica<\/span><\/a>.<\/div><div dir=\"auto\">Rectorul le-a vorbit despre perspectivele de dezvoltare economic\u0103 a Republicii Moldova, cuno\u0219tin\u021be esen\u021biale pentru un bun manager din domeniul s\u0103n\u0103t\u0103\u021bii.<\/div><\/div>\n\t\t\t\t<\/div>\n\t\t\t\t<\/div>\n\t\t\t\t\t\t<\/div>\n\t\t\t\t\t<\/div>\n\t\t<\/div>\n\t\t\t\t\t\t\t\t<\/div>\n\t\t\t\t\t<\/div>\n\t\t<\/section>\n\t\t\t\t\t\t<\/div>\n\t\t\t\t\t\t<\/div>\n\t\t\t\t\t<\/div>","protected":false},"excerpt":{"rendered":"<p>Rectorul Academiei de Studii Economice din Moldova &#8211; Alexandru Stratan, profesor universitar, membru corespondent al A\u0218M, a \u021binut un curs pentru masteranzii din anul II de la Scoala de Management in Sanatate Publica.Rectorul le-a vorbit despre perspectivele de dezvoltare economic\u0103 a Republicii Moldova, cuno\u0219tin\u021be esen\u021biale pentru un bun manager din domeniul s\u0103n\u0103t\u0103\u021bii.<\/p>","protected":false},"author":2,"featured_media":990501,"comment_status":"closed","ping_status":"closed","sticky":false,"template":"","format":"standard","meta":[],"categories":[69],"tags":[124],"aioseo_notices":[],"_links":{"self":[{"href":"https:\/\/sph.md\/en_gb\/wp-json\/wp\/v2\/posts\/990500"}],"collection":[{"href":"https:\/\/sph.md\/en_gb\/wp-json\/wp\/v2\/posts"}],"about":[{"href":"https:\/\/sph.md\/en_gb\/wp-json\/wp\/v2\/types\/post"}],"author":[{"embeddable":true,"href":"https:\/\/sph.md\/en_gb\/wp-json\/wp\/v2\/users\/2"}],"replies":[{"embeddable":true,"href":"https:\/\/sph.md\/en_gb\/wp-json\/wp\/v2\/comments?post=990500"}],"version-history":[{"count":0,"href":"https:\/\/sph.md\/en_gb\/wp-json\/wp\/v2\/posts\/990500\/revisions"}],"wp:featuredmedia":[{"embeddable":true,"href":"https:\/\/sph.md\/en_gb\/wp-json\/wp\/v2\/media\/990501"}],"wp:attachment":[{"href":"https:\/\/sph.md\/en_gb\/wp-json\/wp\/v2\/media?parent=990500"}],"wp:term":[{"taxonomy":"category","embeddable":true,"href":"https:\/\/sph.md\/en_gb\/wp-json\/wp\/v2\/categories?post=990500"},{"taxonomy":"post_tag","embeddable":true,"href":"https:\/\/sph.md\/en_gb\/wp-json\/wp\/v2\/tags?post=990500"}],"curies":[{"name":"wp","href":"https:\/\/api.w.org\/{rel}","templated":true}]}}