{"id":990510,"date":"2023-05-01T15:35:58","date_gmt":"2023-05-01T12:35:58","guid":{"rendered":"https:\/\/sph.md\/?p=990510"},"modified":"2024-07-04T16:14:43","modified_gmt":"2024-07-04T13:14:43","slug":"acord-de-colaborare-cu-institutul-national-de-management-al-serviciilor-de-sanatate-din-bucuresti","status":"publish","type":"post","link":"https:\/\/sph.md\/en_gb\/acord-de-colaborare-cu-institutul-national-de-management-al-serviciilor-de-sanatate-din-bucuresti\/","title":{"rendered":"Acord de colaborare cu Institutul Na\u021bional de Management al Serviciilor de S\u0103n\u0103tate din Bucure\u0219ti"},"content":{"rendered":"<div data-elementor-type=\"wp-post\" data-elementor-id=\"990510\" class=\"elementor elementor-990510\" data-elementor-settings=\"[]\">\n\t\t\t\t\t\t<div class=\"elementor-inner\">\n\t\t\t\t\t\t\t<div class=\"elementor-section-wrap\">\n\t\t\t\t\t\t\t<section class=\"elementor-section elementor-top-section elementor-element elementor-element-f0d88f6 elementor-section-boxed elementor-section-height-default elementor-section-height-default\" data-id=\"f0d88f6\" data-element_type=\"section\">\n\t\t\t\t\t\t<div class=\"elementor-container elementor-column-gap-default\">\n\t\t\t\t\t\t\t<div class=\"elementor-row\">\n\t\t\t\t\t<div class=\"elementor-column elementor-col-33 elementor-top-column elementor-element elementor-element-b4b517c\" data-id=\"b4b517c\" data-element_type=\"column\">\n\t\t\t<div class=\"elementor-column-wrap elementor-element-populated\">\n\t\t\t\t\t\t\t<div class=\"elementor-widget-wrap\">\n\t\t\t\t\t\t<div class=\"elementor-element elementor-element-ca38c65 elementor-widget elementor-widget-image\" data-id=\"ca38c65\" data-element_type=\"widget\" data-widget_type=\"image.default\">\n\t\t\t\t<div class=\"elementor-widget-container\">\n\t\t\t\t\t<div class=\"elementor-image\">\n\t\t\t\t\t\t\t\t\t\t<img width=\"768\" height=\"1024\" src=\"https:\/\/sph.md\/wp-content\/uploads\/2023\/05\/344245812_185938474338006_5875809557732420932_n-768x1024.jpeg\" class=\"attachment-large size-large\" alt=\"\" srcset=\"https:\/\/sph.md\/wp-content\/uploads\/2023\/05\/344245812_185938474338006_5875809557732420932_n-768x1024.jpeg 768w, https:\/\/sph.md\/wp-content\/uploads\/2023\/05\/344245812_185938474338006_5875809557732420932_n-225x300.jpeg 225w, https:\/\/sph.md\/wp-content\/uploads\/2023\/05\/344245812_185938474338006_5875809557732420932_n-9x12.jpeg 9w, https:\/\/sph.md\/wp-content\/uploads\/2023\/05\/344245812_185938474338006_5875809557732420932_n-630x840.jpeg 630w, https:\/\/sph.md\/wp-content\/uploads\/2023\/05\/344245812_185938474338006_5875809557732420932_n-420x560.jpeg 420w, https:\/\/sph.md\/wp-content\/uploads\/2023\/05\/344245812_185938474338006_5875809557732420932_n-315x420.jpeg 315w, https:\/\/sph.md\/wp-content\/uploads\/2023\/05\/344245812_185938474338006_5875809557732420932_n.jpeg 810w\" sizes=\"(max-width: 768px) 100vw, 768px\" \/>\t\t\t\t\t\t\t\t\t\t\t<\/div>\n\t\t\t\t<\/div>\n\t\t\t\t<\/div>\n\t\t\t\t\t\t<\/div>\n\t\t\t\t\t<\/div>\n\t\t<\/div>\n\t\t\t\t<div class=\"elementor-column elementor-col-66 elementor-top-column elementor-element elementor-element-9b45423\" data-id=\"9b45423\" data-element_type=\"column\">\n\t\t\t<div class=\"elementor-column-wrap elementor-element-populated\">\n\t\t\t\t\t\t\t<div class=\"elementor-widget-wrap\">\n\t\t\t\t\t\t<div class=\"elementor-element elementor-element-3051098 elementor-widget elementor-widget-text-editor\" data-id=\"3051098\" data-element_type=\"widget\" data-widget_type=\"text-editor.default\">\n\t\t\t\t<div class=\"elementor-widget-container\">\n\t\t\t\t\t<div class=\"elementor-text-editor elementor-clearfix\"><p>Un nou acord de colaborare semnat cu Institutul Na\u021bional de Management al Serviciilor de S\u0103n\u0103tate din Bucure\u0219ti vine s\u0103 dea un suflu nou rela\u021biilor noastre de peste dou\u0103 decenii. Acordul vizeaz\u0103 promovarea \u00een comun a cercet\u0103rii, a instruirii, a schimbului de idei, de persoane, de documente \u0219i materiale, prin realizarea proiectelor de cooperare pedagogic\u0103 \u0219i\/sau \u0219tiin\u021bific\u0103.<\/p><p>\u00a0<\/p><p>La 1 mai, vicedirectorul general al Institutului din Bucure\u0219ti, Silvia Gabriela Sc\u00eentee, a vizitat \u0218coala de Management \u00een S\u0103n\u0103tate Public\u0103. \u00a0 \u00a0<\/p><p>\u00a0<\/p><p>Colegii de la Bucure\u0219ti trec printr-un amplu proces de reformare \u0219i restructurare &#8211; anterior institu\u021bia a fost cunoscut\u0103 ca \u0218coala Na\u021bional\u0103 de S\u0103n\u0103tate Public\u0103, Management \u0219i Perfec\u021bionare \u00een Domeniul Sanitar, Bucure\u0219ti.<\/p><\/div>\n\t\t\t\t<\/div>\n\t\t\t\t<\/div>\n\t\t\t\t\t\t<\/div>\n\t\t\t\t\t<\/div>\n\t\t<\/div>\n\t\t\t\t\t\t\t\t<\/div>\n\t\t\t\t\t<\/div>\n\t\t<\/section>\n\t\t\t\t\t\t<\/div>\n\t\t\t\t\t\t<\/div>\n\t\t\t\t\t<\/div>","protected":false},"excerpt":{"rendered":"<p>Un nou acord de colaborare semnat cu Institutul Na\u021bional de Management al Serviciilor de S\u0103n\u0103tate din Bucure\u0219ti vine s\u0103 dea un suflu nou rela\u021biilor noastre de peste dou\u0103 decenii. Acordul vizeaz\u0103 promovarea \u00een comun a cercet\u0103rii, a instruirii, a schimbului de idei, de persoane, de documente \u0219i materiale, prin realizarea proiectelor de cooperare pedagogic\u0103 \u0219i\/sau&#8230;<\/p>","protected":false},"author":2,"featured_media":990511,"comment_status":"closed","ping_status":"closed","sticky":false,"template":"","format":"standard","meta":[],"categories":[1],"tags":[],"aioseo_notices":[],"_links":{"self":[{"href":"https:\/\/sph.md\/en_gb\/wp-json\/wp\/v2\/posts\/990510"}],"collection":[{"href":"https:\/\/sph.md\/en_gb\/wp-json\/wp\/v2\/posts"}],"about":[{"href":"https:\/\/sph.md\/en_gb\/wp-json\/wp\/v2\/types\/post"}],"author":[{"embeddable":true,"href":"https:\/\/sph.md\/en_gb\/wp-json\/wp\/v2\/users\/2"}],"replies":[{"embeddable":true,"href":"https:\/\/sph.md\/en_gb\/wp-json\/wp\/v2\/comments?post=990510"}],"version-history":[{"count":0,"href":"https:\/\/sph.md\/en_gb\/wp-json\/wp\/v2\/posts\/990510\/revisions"}],"wp:featuredmedia":[{"embeddable":true,"href":"https:\/\/sph.md\/en_gb\/wp-json\/wp\/v2\/media\/990511"}],"wp:attachment":[{"href":"https:\/\/sph.md\/en_gb\/wp-json\/wp\/v2\/media?parent=990510"}],"wp:term":[{"taxonomy":"category","embeddable":true,"href":"https:\/\/sph.md\/en_gb\/wp-json\/wp\/v2\/categories?post=990510"},{"taxonomy":"post_tag","embeddable":true,"href":"https:\/\/sph.md\/en_gb\/wp-json\/wp\/v2\/tags?post=990510"}],"curies":[{"name":"wp","href":"https:\/\/api.w.org\/{rel}","templated":true}]}}