{"id":990522,"date":"2023-06-05T20:17:49","date_gmt":"2023-06-05T17:17:49","guid":{"rendered":"https:\/\/sph.md\/?p=990522"},"modified":"2024-07-04T16:14:43","modified_gmt":"2024-07-04T13:14:43","slug":"invitatie-webinar-colaborarea-academica-cu-ucraina-in-pofida-razboiului","status":"publish","type":"post","link":"https:\/\/sph.md\/en_gb\/invitatie-webinar-colaborarea-academica-cu-ucraina-in-pofida-razboiului\/","title":{"rendered":"Invita\u021bie webinar: Colaborarea academic\u0103 cu Ucraina \u00een pofida r\u0103zboiului"},"content":{"rendered":"<div data-elementor-type=\"wp-post\" data-elementor-id=\"990522\" class=\"elementor elementor-990522\" data-elementor-settings=\"[]\">\n\t\t\t\t\t\t<div class=\"elementor-inner\">\n\t\t\t\t\t\t\t<div class=\"elementor-section-wrap\">\n\t\t\t\t\t\t\t<section class=\"elementor-section elementor-top-section elementor-element elementor-element-09a7c20 elementor-section-boxed elementor-section-height-default elementor-section-height-default\" data-id=\"09a7c20\" data-element_type=\"section\">\n\t\t\t\t\t\t<div class=\"elementor-container elementor-column-gap-default\">\n\t\t\t\t\t\t\t<div class=\"elementor-row\">\n\t\t\t\t\t<div class=\"elementor-column elementor-col-100 elementor-top-column elementor-element elementor-element-f3e89d1\" data-id=\"f3e89d1\" data-element_type=\"column\">\n\t\t\t<div class=\"elementor-column-wrap elementor-element-populated\">\n\t\t\t\t\t\t\t<div class=\"elementor-widget-wrap\">\n\t\t\t\t\t\t<div class=\"elementor-element elementor-element-378b9a2 elementor-widget elementor-widget-text-editor\" data-id=\"378b9a2\" data-element_type=\"widget\" data-widget_type=\"text-editor.default\">\n\t\t\t\t<div class=\"elementor-widget-container\">\n\t\t\t\t\t<div class=\"elementor-text-editor elementor-clearfix\"><p>V\u0103 invit\u0103m s\u0103 participa\u021bi la webinarul <em>Colaborarea academic\u0103 cu Ucraina \u00een pofida r\u0103zboiului, <\/em>din 13 iunie 2023, ora local\u0103 15:00. \u00a0<\/p><p>Evenimentul este organizat de Institutul de S\u0103n\u0103tate Public\u0103,\u00a0Colegiul Medical al Universit\u0103\u021bii Jagiellonian din Krakovia, \u00een parteneriat cu EHESP \u0218coala Francez\u0103 de S\u0103n\u0103tate Public\u0103, Academia Na\u021bional\u0103 a Universit\u0103\u021bii din Ostroh, \u0218coala de Management \u00een S\u0103n\u0103tate Public\u0103 a USMF <em>Nicolae Testemi\u021banu<\/em> din Republica Moldova \u0219i\u00a0Universitatea de Medicin\u0103 din Gdansk.\u00a0<\/p><p>Participarea online este posibil\u0103 dup\u0103 \u00eenregistrare prin acest link: https:\/\/forms.office.com\/e\/DX0jf61r3f<\/p><p>Linkul c\u0103tre webinar va fi disponibil dup\u0103 \u00eenregistrare.<\/p><p>\u0218MSP va participa cu o comunicarea:<em>\u00a0R\u0103zboiul la grani\u021b\u0103: Instruirea \u00een s\u0103n\u0103tate public\u0103 \u00een Republica Moldova \u0219i dezinformarea<\/em><\/p><p>Accesa\u021bi aici: <a href=\"https:\/\/sph.md\/wp-content\/uploads\/2023\/06\/hybrid_seminar_13_June_2023_program_020623_logo.pdf\" target=\"_blank\" rel=\"noopener\">Programul integral<\/a>.<\/p><\/div>\n\t\t\t\t<\/div>\n\t\t\t\t<\/div>\n\t\t\t\t\t\t<\/div>\n\t\t\t\t\t<\/div>\n\t\t<\/div>\n\t\t\t\t\t\t\t\t<\/div>\n\t\t\t\t\t<\/div>\n\t\t<\/section>\n\t\t\t\t\t\t<\/div>\n\t\t\t\t\t\t<\/div>\n\t\t\t\t\t<\/div>","protected":false},"excerpt":{"rendered":"<p>V\u0103 invit\u0103m s\u0103 participa\u021bi la webinarul Colaborarea academic\u0103 cu Ucraina \u00een pofida r\u0103zboiului, din 13 iunie 2023, ora local\u0103 15:00. \u00a0 Evenimentul este organizat de Institutul de S\u0103n\u0103tate Public\u0103,\u00a0Colegiul Medical al Universit\u0103\u021bii Jagiellonian din Krakovia, \u00een parteneriat cu EHESP \u0218coala Francez\u0103 de S\u0103n\u0103tate Public\u0103, Academia Na\u021bional\u0103 a Universit\u0103\u021bii din Ostroh, \u0218coala de Management \u00een S\u0103n\u0103tate&#8230;<\/p>","protected":false},"author":2,"featured_media":990524,"comment_status":"closed","ping_status":"closed","sticky":false,"template":"","format":"standard","meta":[],"categories":[1],"tags":[],"aioseo_notices":[],"_links":{"self":[{"href":"https:\/\/sph.md\/en_gb\/wp-json\/wp\/v2\/posts\/990522"}],"collection":[{"href":"https:\/\/sph.md\/en_gb\/wp-json\/wp\/v2\/posts"}],"about":[{"href":"https:\/\/sph.md\/en_gb\/wp-json\/wp\/v2\/types\/post"}],"author":[{"embeddable":true,"href":"https:\/\/sph.md\/en_gb\/wp-json\/wp\/v2\/users\/2"}],"replies":[{"embeddable":true,"href":"https:\/\/sph.md\/en_gb\/wp-json\/wp\/v2\/comments?post=990522"}],"version-history":[{"count":0,"href":"https:\/\/sph.md\/en_gb\/wp-json\/wp\/v2\/posts\/990522\/revisions"}],"wp:featuredmedia":[{"embeddable":true,"href":"https:\/\/sph.md\/en_gb\/wp-json\/wp\/v2\/media\/990524"}],"wp:attachment":[{"href":"https:\/\/sph.md\/en_gb\/wp-json\/wp\/v2\/media?parent=990522"}],"wp:term":[{"taxonomy":"category","embeddable":true,"href":"https:\/\/sph.md\/en_gb\/wp-json\/wp\/v2\/categories?post=990522"},{"taxonomy":"post_tag","embeddable":true,"href":"https:\/\/sph.md\/en_gb\/wp-json\/wp\/v2\/tags?post=990522"}],"curies":[{"name":"wp","href":"https:\/\/api.w.org\/{rel}","templated":true}]}}