{"id":990527,"date":"2023-06-21T11:15:08","date_gmt":"2023-06-21T08:15:08","guid":{"rendered":"https:\/\/sph.md\/?p=990527"},"modified":"2024-07-04T16:14:43","modified_gmt":"2024-07-04T13:14:43","slug":"invitatie-la-sustineri-publice","status":"publish","type":"post","link":"https:\/\/sph.md\/en_gb\/invitatie-la-sustineri-publice\/","title":{"rendered":"Invita\u021bie la sus\u021bineri publice"},"content":{"rendered":"<div data-elementor-type=\"wp-post\" data-elementor-id=\"990527\" class=\"elementor elementor-990527\" data-elementor-settings=\"[]\">\n\t\t\t\t\t\t<div class=\"elementor-inner\">\n\t\t\t\t\t\t\t<div class=\"elementor-section-wrap\">\n\t\t\t\t\t\t\t<section class=\"elementor-section elementor-top-section elementor-element elementor-element-231ccf5 elementor-section-boxed elementor-section-height-default elementor-section-height-default\" data-id=\"231ccf5\" data-element_type=\"section\">\n\t\t\t\t\t\t<div class=\"elementor-container elementor-column-gap-default\">\n\t\t\t\t\t\t\t<div class=\"elementor-row\">\n\t\t\t\t\t<div class=\"elementor-column elementor-col-100 elementor-top-column elementor-element elementor-element-ed9622a\" data-id=\"ed9622a\" data-element_type=\"column\">\n\t\t\t<div class=\"elementor-column-wrap elementor-element-populated\">\n\t\t\t\t\t\t\t<div class=\"elementor-widget-wrap\">\n\t\t\t\t\t\t<div class=\"elementor-element elementor-element-34cd7b4 elementor-widget elementor-widget-text-editor\" data-id=\"34cd7b4\" data-element_type=\"widget\" data-widget_type=\"text-editor.default\">\n\t\t\t\t<div class=\"elementor-widget-container\">\n\t\t\t\t\t<div class=\"elementor-text-editor elementor-clearfix\"><p><span style=\"font-weight: 400;\">\u00cen perioada 26-29 iunie, \u0218coala de Management \u00een S\u0103n\u0103tate Public\u0103 organizeaz\u0103 sus\u021binerile publice ale tezelor de masterat. \u00cen acest an venim cu 36 de cercet\u0103ri de pionierat \u00een domeniul s\u0103n\u0103t\u0103\u021bii publice \u0219i v\u0103 invit\u0103m s\u0103 ne urm\u0103ri\u021bi on-line pe <\/span><a href=\"https:\/\/www.facebook.com\/people\/Scoala-de-Management-in-Sanatate-Publica\/100044654241251\/\"><span style=\"font-weight: 400;\">pagina de Facebook a \u0218colii de Management \u00een S\u0103n\u0103tate Public\u0103<\/span><\/a><span style=\"font-weight: 400;\">, dar \u0219i pe Privesc.eu.\u00a0<\/span><\/p><p><span style=\"font-weight: 400;\">\u00a0\u00a0<\/span><\/p><p><span style=\"font-weight: 400;\">Evenimentul se va desf\u0103\u0219ura \u00een Sala Senatului a USMF <\/span><em><span style=\"font-weight: 400;\">Nicolae Testemi\u021banu<\/span><\/em><span style=\"font-weight: 400;\"> (Blocul didactic central, etaj III), cu \u00eencepere de la ora 09:00.\u00a0<\/span><\/p><p><span style=\"font-weight: 400;\">Expertiza Dumneavoastr\u0103 este important\u0103, fapt pentru care v\u0103 \u00eendemn\u0103m s\u0103 adresa\u021bi \u00eentreb\u0103ri \u0219i s\u0103 fi\u021bi parte a discursului \u0219tiin\u021bific.\u00a0<\/span><\/p><p><span style=\"font-weight: 400;\">Not\u0103: Comentariile din on-line trebuie transmise p\u00e2n\u0103 la \u00eencheierea prezent\u0103rii masterandului.<\/span><\/p><p>\u00a0<\/p><p>\u00a0<\/p><p><a href=\"https:\/\/sph.md\/wp-content\/uploads\/2023\/06\/Programul-sustinerilor-publice-2023.pdf\" target=\"_blank\" rel=\"noopener\"><span style=\"font-weight: 400;\">Programul sus\u021binerilor publice<\/span><\/a><\/p><\/div>\n\t\t\t\t<\/div>\n\t\t\t\t<\/div>\n\t\t\t\t\t\t<\/div>\n\t\t\t\t\t<\/div>\n\t\t<\/div>\n\t\t\t\t\t\t\t\t<\/div>\n\t\t\t\t\t<\/div>\n\t\t<\/section>\n\t\t\t\t\t\t<\/div>\n\t\t\t\t\t\t<\/div>\n\t\t\t\t\t<\/div>","protected":false},"excerpt":{"rendered":"<p>\u00cen perioada 26-29 iunie, \u0218coala de Management \u00een S\u0103n\u0103tate Public\u0103 organizeaz\u0103 sus\u021binerile publice ale tezelor de masterat. \u00cen acest an venim cu 36 de cercet\u0103ri de pionierat \u00een domeniul s\u0103n\u0103t\u0103\u021bii publice \u0219i v\u0103 invit\u0103m s\u0103 ne urm\u0103ri\u021bi on-line pe pagina de Facebook a \u0218colii de Management \u00een S\u0103n\u0103tate Public\u0103, dar \u0219i pe Privesc.eu.\u00a0 \u00a0\u00a0 Evenimentul&#8230;<\/p>","protected":false},"author":2,"featured_media":990528,"comment_status":"closed","ping_status":"closed","sticky":false,"template":"","format":"standard","meta":[],"categories":[1],"tags":[],"aioseo_notices":[],"_links":{"self":[{"href":"https:\/\/sph.md\/en_gb\/wp-json\/wp\/v2\/posts\/990527"}],"collection":[{"href":"https:\/\/sph.md\/en_gb\/wp-json\/wp\/v2\/posts"}],"about":[{"href":"https:\/\/sph.md\/en_gb\/wp-json\/wp\/v2\/types\/post"}],"author":[{"embeddable":true,"href":"https:\/\/sph.md\/en_gb\/wp-json\/wp\/v2\/users\/2"}],"replies":[{"embeddable":true,"href":"https:\/\/sph.md\/en_gb\/wp-json\/wp\/v2\/comments?post=990527"}],"version-history":[{"count":0,"href":"https:\/\/sph.md\/en_gb\/wp-json\/wp\/v2\/posts\/990527\/revisions"}],"wp:featuredmedia":[{"embeddable":true,"href":"https:\/\/sph.md\/en_gb\/wp-json\/wp\/v2\/media\/990528"}],"wp:attachment":[{"href":"https:\/\/sph.md\/en_gb\/wp-json\/wp\/v2\/media?parent=990527"}],"wp:term":[{"taxonomy":"category","embeddable":true,"href":"https:\/\/sph.md\/en_gb\/wp-json\/wp\/v2\/categories?post=990527"},{"taxonomy":"post_tag","embeddable":true,"href":"https:\/\/sph.md\/en_gb\/wp-json\/wp\/v2\/tags?post=990527"}],"curies":[{"name":"wp","href":"https:\/\/api.w.org\/{rel}","templated":true}]}}